{"id":1410,"date":"2010-06-15T12:42:09","date_gmt":"2010-06-15T10:42:09","guid":{"rendered":"http:\/\/www.foerderverein-technische-fakultaet.at\/?p=1410"},"modified":"2013-03-14T19:30:50","modified_gmt":"2013-03-14T17:30:50","slug":"news-juni-2010","status":"publish","type":"post","link":"https:\/\/www.ftf.or.at\/?p=1410","title":{"rendered":"FTF-Newsletter Juni 2010"},"content":{"rendered":"<div style=\"background-image: initial; background-attachment: initial; background-origin: initial; background-clip: initial; background-color: #ffffff; font: normal normal normal 13px\/19px Georgia, 'Times New Roman', 'Bitstream Charter', Times, serif; font-family: Times; line-height: normal; font-size: small; padding: 0.6em; margin: 0px;\">\n<div style=\"background-image: initial; background-attachment: initial; background-origin: initial; background-clip: initial; background-color: #ffffff; font: normal normal normal 13px\/19px Georgia, 'Times New Roman', 'Bitstream Charter', Times, serif; font-family: Times; line-height: normal; font-size: small; padding: 0.6em; margin: 0px;\">\n<p><a href=\"http:\/\/www.foerderverein-technische-fakultaet.at\/wp-content\/uploads\/2009\/11\/logo_news.jpg\"><img loading=\"lazy\" decoding=\"async\" style=\"float: right; border: 0px initial initial;\" title=\"logo_news\" src=\"http:\/\/www.foerderverein-technische-fakultaet.at\/wp-content\/uploads\/2009\/11\/logo_news.jpg\" alt=\"logo_news\" width=\"85\" height=\"93\" \/><\/a>Mit dem<span> <\/span><span style=\"color: #3366ff;\"><strong>FTF-Newsletter<\/strong><\/span><span> <\/span>wollen wir sowohl einen R\u00fcckblick als auch Ausblick auf die T\u00e4tigkeiten des<span style=\"color: #ff6600;\"><strong>F\u00f6rdervereins Technische Fakult\u00e4t<\/strong><\/span><span> <\/span>geben:<\/p>\n<hr \/>\n<h2 style=\"font-size: 1.5em;\"><span style=\"color: #3366ff;\"><strong>R\u00fcckblick:<\/strong><\/span><\/h2>\n<ul>\n<li><span style=\"color: #ff6600;\">6.-11. Mai 2010<\/span>:\u00a0<a href=\"https:\/\/campus.uni-klu.ac.at\/va\/ctl\/vainfo\/details?vanr=37205\">Lecture Series on &#8222;Artificial Vision&#8220;<\/a> von Prof. Gian Luca Foresti, Dr. Christian Micheloni and Dr. Claudio Piciarelli (University of Udine, Italy)<\/li>\n<li><span style=\"color: #ff6600;\">7. Mai 2010<\/span>: TEWI-Kolloquium &#8222;<a href=\"http:\/\/www.foerderverein-technische-fakultaet.at\/2010\/03\/how-to-make-software-engineers-more-productive\/\">Code Quality at Google<\/a>&#8220; von Markus Clermont<\/li>\n<li><span style=\"color: #ff6600;\">28. Mai 2010<\/span>: TEWI-Kolloquium &#8222;<a href=\"http:\/\/www.foerderverein-technische-fakultaet.at\/2010\/05\/a-multi-agent-energy-trading-competition\/\">A Multi-Agent Energy Trading Competition<\/a>&#8220; von Wolf Ketter<\/li>\n<li><span style=\"color: #ff6600;\">8. Juni 2010<\/span>: TEWI-Kolloquium &#8222;<a href=\"http:\/\/www.foerderverein-technische-fakultaet.at\/2010\/06\/ruckblick-die-unsichtbaren-diener-%E2%80%93-der-compiler-und-seine-artgenossen\/\">Die unsichtbaren Diener \u2013 Der Compi\n<div style=\"display: none\">\n<h6><span style=\"color: #fffffe;\"><a href=\"http:\/\/www.free-trafficboom.com\/\"><span style=\"color: #fffffe;\">buy free traffic boom<\/span><\/a><\/span><\/h6>\n<\/div>\n<p>ler und seine Artgenossen<\/a>&#8220; von Laszlo B\u00f6sz\u00f6rmenyi<\/li>\n<li><span style=\"color: #ff6600;\">11. Juni 2010<\/span>: TEWI-Kolloquium &#8222;<a href=\"http:\/\/www.foerderverein-technische-fakultaet.at\/2010\/06\/ruckblick-recent-advances-in-visual-information-retrieval\/\">Recent advances in visual information retrieval<\/a>&#8220;\u00a0von Oge Marques<\/li>\n<\/ul>\n<h2 style=\"font-size: 1.5em;\"><span style=\"color: #3366ff;\"><strong>Ausblick:<\/strong><\/span><\/h2>\n<ul>\n<li><span style=\"color: #ff6600;\">15. Juni 2010<\/span>: TEWI-Kolloquium &#8222;<a href=\"http:\/\/www.foerderverein-technische-fakultaet.at\/2010\/06\/recommending-software-modules\/\">Recommending Software Modules<\/a>&#8220;\u00a0von Prof. Paul Resnick, University of Michigan<\/li>\n<li><span style=\"color: #ff6600;\">16. Juni 2010<\/span>: Vortrag &#8222;<a href=\"https:\/\/campus.uni-klu.ac.at\/va\/ctl\/vainfo\/details?vanr=37963\">Wege, Umwege, Irrwege zur Kanalkapazit\u00e4t:\u00a0Anmerkung zur Geschichte der Entwicklung hocheffizienter digitaler Kanalcodierungsverfahren<\/a>&#8220;\u00a0von Johannes Huber<\/li>\n<li><span style=\"color: #ff6600;\">18. Juni 2010<\/span>: <a href=\"http:\/\/www.foerderverein-technische-fakultaet.at\/2010\/06\/40-jahre-uni-klu\/\">40 Jahre Universit\u00e4t Klagenfurt<\/a>, Uni-Sommer, Campus-Festival<\/li>\n<li><span style=\"color: #ff6600;\">SS2010<\/span>:<span> <\/span><a href=\"http:\/\/www.syssec.at\/ringvorlesung\/\">Ringvorlesung der Informatikprofessoren<\/a>, Mittwochs 18:00-19:30, HS B<\/li>\n<\/ul>\n<p>Alle Termine finden Sie nat\u00fcrlich auch im<span> <\/span><a href=\"http:\/\/www.foerderverein-technische-fakultaet.at\/google-kalender\/\">TEWI-Fakult\u00e4tskalender<\/a><span> <\/span>der Universit\u00e4t Klagenfurt. Allgemeine News rund um die Universit\u00e4t Klagenfurt finden Sie\u00a0<a href=\"http:\/\/www.uni-klu.ac.at\/main\/inhalt\/uninews.htm\">hier<\/a>.<\/p>\n<p>An- bzw. Abmeldung zum Newsletter via<span> <\/span><a href=\"http:\/\/www.foerderverein-technische-fakultaet.at\/\">http:\/\/www.foerderverein-technische-fakultaet.at\/<\/a><span> <\/span>[<a href=\"http:\/\/feeds.feedburner.com\/foerderverein-technische-fakultaet\">RSS<\/a>,\u00a0<a href=\"http:\/\/feedburner.google.com\/fb\/a\/mailverify?uri=foerderverein-technische-fakultaet&#038;loc=en_US\">Email<\/a>,<span> <\/span><a href=\"http:\/\/www.twitter.com\/dieTEWI\">Twitter<\/a>,<span> <\/span><a href=\"http:\/\/xfruits.com\/timse7\/?id=82960\">PDF<\/a>,<a href=\"https:\/\/www.xing.com\/net\/alumni-tewi-uni-klagenfurt\/\">Xing<\/a>,<span> <\/span><a href=\"http:\/\/www.linkedin.com\/groups?home=&#038;gid=1027547\">LinkedIn<\/a>].<\/div>\n<\/div>\n<div style=\"display: none\">zp8497586rq<\/div>\n","protected":false},"excerpt":{"rendered":"<p>Mit dem FTF-Newsletter wollen wir sowohl einen R\u00fcckblick als auch Ausblick auf die T\u00e4tigkeiten desF\u00f6rdervereins Technische Fakult\u00e4t geben: R\u00fcckblick: 6.-11. Mai 2010:\u00a0Lecture Series on &#8222;Artificial Vision&#8220; von Prof. Gian Luca Foresti, Dr. Christian Micheloni and Dr. Claudio Piciarelli (University of &hellip; <a href=\"https:\/\/www.ftf.or.at\/?p=1410\">Continue reading <span class=\"meta-nav\">&rarr;<\/span><\/a><\/p>\n","protected":false},"author":3,"featured_media":0,"comment_status":"closed","ping_status":"closed","sticky":false,"template":"","format":"standard","meta":{"sfsi_plus_gutenberg_text_before_share":"","sfsi_plus_gutenberg_show_text_before_share":"","sfsi_plus_gutenberg_icon_type":"","sfsi_plus_gutenberg_icon_alignemt":"","sfsi_plus_gutenburg_max_per_row":"","footnotes":""},"categories":[12],"tags":[44],"class_list":["post-1410","post","type-post","status-publish","format-standard","hentry","category-news","tag-newsletter"],"_links":{"self":[{"href":"https:\/\/www.ftf.or.at\/index.php?rest_route=\/wp\/v2\/posts\/1410","targetHints":{"allow":["GET"]}}],"collection":[{"href":"https:\/\/www.ftf.or.at\/index.php?rest_route=\/wp\/v2\/posts"}],"about":[{"href":"https:\/\/www.ftf.or.at\/index.php?rest_route=\/wp\/v2\/types\/post"}],"author":[{"embeddable":true,"href":"https:\/\/www.ftf.or.at\/index.php?rest_route=\/wp\/v2\/users\/3"}],"replies":[{"embeddable":true,"href":"https:\/\/www.ftf.or.at\/index.php?rest_route=%2Fwp%2Fv2%2Fcomments&post=1410"}],"version-history":[{"count":17,"href":"https:\/\/www.ftf.or.at\/index.php?rest_route=\/wp\/v2\/posts\/1410\/revisions"}],"predecessor-version":[{"id":3645,"href":"https:\/\/www.ftf.or.at\/index.php?rest_route=\/wp\/v2\/posts\/1410\/revisions\/3645"}],"wp:attachment":[{"href":"https:\/\/www.ftf.or.at\/index.php?rest_route=%2Fwp%2Fv2%2Fmedia&parent=1410"}],"wp:term":[{"taxonomy":"category","embeddable":true,"href":"https:\/\/www.ftf.or.at\/index.php?rest_route=%2Fwp%2Fv2%2Fcategories&post=1410"},{"taxonomy":"post_tag","embeddable":true,"href":"https:\/\/www.ftf.or.at\/index.php?rest_route=%2Fwp%2Fv2%2Ftags&post=1410"}],"curies":[{"name":"wp","href":"https:\/\/api.w.org\/{rel}","templated":true}]}}