{"id":1913,"date":"2011-06-09T08:04:11","date_gmt":"2011-06-09T06:04:11","guid":{"rendered":"http:\/\/www.foerderverein-technische-fakultaet.at\/?p=1913"},"modified":"2011-07-01T15:37:53","modified_gmt":"2011-07-01T13:37:53","slug":"news-juni-2011","status":"publish","type":"post","link":"https:\/\/www.ftf.or.at\/?p=1913","title":{"rendered":"FTF-Newsletter Juni 2011"},"content":{"rendered":"<div>\n<div>\n<p><a href=\"http:\/\/www.foerderverein-technische-fakultaet.at\/wp-content\/uploads\/2009\/11\/logo_news.jpg\"><img loading=\"lazy\" decoding=\"async\" class=\"alignright\" title=\"logo_news\" src=\"http:\/\/www.foerderverein-technische-fakultaet.at\/wp-content\/uploads\/2009\/11\/logo_news.jpg\" alt=\"logo_news\" width=\"85\" height=\"93\" \/><\/a>Mit dem\u00a0<strong><span style=\"color: #0000ff;\">FTF-Newsletter<\/span><\/strong> wollen wir sowohl einen R\u00fcckblick als auch Ausblick auf die T\u00e4tigkeiten des\u00a0<strong><span style=\"color: #ff6600;\">F\u00f6rdervereins Technische Fakult\u00e4t<\/span><\/strong> geben:<\/p>\n<hr \/>\n<p><strong>R\u00fcckblick:<\/strong><\/p>\n<ul>\n<li style=\"text-align: left;\"><span style=\"color: #ff6600;\">4. Mai<\/span>:\u00a0TEWI-Kolloquium &#8222;<a title=\"Betriebssystem-Abstraktionen f\u00fcr Sicherheitspolitiken\" href=\"http:\/\/www.foerderverein-technische-fakultaet.at\/2011\/04\/betriebssystem-abstraktionen-fur-sicherheitspolitiken\/\">Betriebssystem-Abstraktionen f\u00fcr Sicherheitspolitiken<\/a>&#8220; von\u00a0Winfried K\u00fchnhauser<\/li>\n<li style=\"text-align: left;\"><span style=\"color: #ff6600;\">4. Mai<\/span>:\u00a0TEWI-Kolloquium\/Ringvorlesung Informatik &#8222;<a title=\"Schl\u00fcsselaspekte des Keymanagements\" href=\"http:\/\/www.foerderverein-technische-fakultaet.at\/2011\/04\/schlusselaspekte-des-keymanagements\/\">Schl\u00fcsselaspekte des Keymanagements<\/a>&#8220; von Peter Schartner<\/li>\n<li style=\"text-align: left;\"><span style=\"color: #ff6600;\">5. Mai<\/span>:\u00a0TEWI-Kolloquium &#8222;<a title=\"25 Jahre Digital Subscriber Line (DSL-) \u00dcbertragungstechnik\" href=\"http:\/\/www.foerderverein-technische-fakultaet.at\/2011\/04\/25-jahre-digital-subscriber-line-dsl-ubertagungstechnik\/\">25 Jahre Digital Subscriber Line (DSL-)\u00dcbertragungstechnik<\/a>&#8220; von\u00a0Johannes Huber<\/li>\n<li style=\"text-align: left;\"><span style=\"color: #ff6600;\">5.-6. Mai<\/span>:\u00a0<a href=\"http:\/\/www.uni-klu.ac.at\/tewi\/ict\/sst\/am\/14407.htm\">7th Austrian Numerical Analysis Day<\/a><\/li>\n<li style=\"text-align: left;\"><span style=\"color: #ff6600;\">6. Mai<\/span>: TEWI-Kolloquium &#8222;<a href=\"http:\/\/www.foerderverein-technische-fakultaet.at\/?p=1688\">Kanban \u2013 Evolution\u00e4res Change Management f\u00fcr IT-Organisationen<\/a>&#8220; von Klaus Leopold<\/li>\n<\/ul>\n<ul>\n<li style=\"text-align: left;\"><span style=\"color: #ff6600;\">11. Mai<\/span>:\u00a0TEWI-Kolloquium\/Ringvorlesung Informatik &#8222;<a title=\"Intelligent Environments: a Concise Introduction\" href=\"http:\/\/www.foerderverein-technische-fakultaet.at\/2011\/05\/intelligent-environments-a-concise-introduction\/\">Intelligent Living Environments: A Concise Introduction<\/a>&#8220; von\u00a0Abdelhamid Bouchachia<\/li>\n<li style=\"text-align: left;\"><span style=\"color: #ff6600;\">12. Mai<\/span>: TEWI-Kolloquium &#8222;<a title=\"Research and Development for 3D Computer Graphics and Virtual Reality\" href=\"http:\/\/www.foerderverein-technische-fakultaet.at\/2011\/04\/research-and-development-for-3d-computer-graphics-and-virtual-reality\/\">Research and Development for 3D Computer Graphics and Virtual Reality<\/a>&#8220; von\u00a0Emiliyan Petkov<\/li>\n<li style=\"text-align: left;\"><span style=\"color: #ff6600;\">13. Mai<\/span>: Akademische Feier<\/li>\n<li style=\"text-align: left;\"><span style=\"color: #ff6600;\">15. Mai<\/span>: TEWI-Kolloquium &#8222;<a href=\"http:\/\/www.foerderverein-technische-fakultaet.at\/?p=1691\">Research and Development for 3D Computer Graphics and Virtual Reality<\/a>&#8220; von Dr. Emiliyan Petkov, University of Veliko Turnovo, Bulgaria<\/li>\n<li style=\"text-align: left;\"><span style=\"color: #ff6600;\">19. Mai<\/span>:\u00a0TEWI-Kolloquium &#8222;<a title=\"\u201cLazy Thinking\u201d: Eine Methode zur automatischen Erfindung von Algorithmen.\" href=\"http:\/\/www.foerderverein-technische-fakultaet.at\/2011\/05\/lazy-thinking-eine-methode-zur-automatischen-erfindung-von-algorithmen\/\">\u201cLazy Thinking\u201d: Eine Methode zur automatischen Erfindung von Algorithmen<\/a>&#8220; von\u00a0Bruno Buchberger<\/li>\n<li style=\"text-align: left;\"><span style=\"color: #ff6600;\">25. Mai<\/span>: TEWI-Kolloquium\/Ringvorlesung Informatik\u00a0\u201c<a title=\"Linguistische Aspekte im Lebenszyklus eines Dom\u00e4nenmodells\" href=\"http:\/\/www.foerderverein-technische-fakultaet.at\/2011\/05\/linguistische-aspekte-im-lebenszyklus-eines-domanenmodells\/\">Dom\u00e4nenmodellierung \u2013 Ein Ansatz und seine linguistischen Aspekte<\/a>\u201d von Christian\u00a0Kop<\/li>\n<li style=\"text-align: left;\"><span style=\"color: #ff6600;\">30. Mai<\/span>: TEWI-Kolloquium &#8222;<a title=\"\u201cObjects strictly first\u201d \u2013 Der bayerische Weg zur objektorientierten Programmierung\" href=\"http:\/\/www.foerderverein-technische-fakultaet.at\/2011\/05\/objects-strictly-first-der-bayerische-weg-zur-objektorientierten-programmierung\/\">\u201cObjects Strictly First\u201d \u2013 Der Bayerische Weg zur objektorientierten Programmierung<\/a>&#8220; von\u00a0Peter Hubwieser<\/li>\n<li style=\"text-align: left;\"><span style=\"color: #ff6600;\">31. Mai<\/span>:\u00a0TEWI-Kolloquium &#8222;<a title=\"New approaches to delivering video and web content in a social networking environment\" href=\"http:\/\/www.foerderverein-technische-fakultaet.at\/2011\/05\/video-web-social-networking\/\">New Approaches to Delivering Video and Web Content in a Social Networking Environment<\/a>&#8220; von Ian S Burnett<\/li>\n<li style=\"text-align: left;\"><span style=\"color: #ff6600;\">1. Juni<\/span>:\u00a0TEWI-Kolloquium\/Ringvorlesung Informatik\u00a0\u201c<a title=\"Alternative ways towards optimizing recommender systems\" href=\"http:\/\/www.foerderverein-technische-fakultaet.at\/2011\/05\/alternative-ways-towards-optimizing-recommender-systems\/\">Ways towards optimizing recommender systems<\/a>\u201d von Markus Zanker<\/li>\n<\/ul>\n<p><strong>Ausblick:<\/strong><\/p>\n<ul>\n<li style=\"text-align: left;\"><span style=\"color: #ff6600;\">10. Juni<\/span>: TEWI-Kolloquium &#8222;<a title=\"Introduction to the TH-1A Supercomputer in the Tianjin National Supercomputer Center\" href=\"http:\/\/www.foerderverein-technische-fakultaet.at\/2011\/06\/introduction-to-the-th-1a-supercomputer-in-the-tianjin-national-supercomputer-center\/\">Introduction to the TH-1A Supercomputer in the Tianjin National Supercomputer Center<\/a>&#8220; von\u00a0Zhang Chunyuan<\/li>\n<li style=\"text-align: left;\"><span style=\"color: #ff6600;\">15. Juni<\/span>: TEWI-Kolloquium &#8222;<a title=\"Als IT-Unternehmensarchitekt am Hauptsitz eines globalen Gesundheitskonzerns\" href=\"http:\/\/www.foerderverein-technische-fakultaet.at\/2011\/06\/it-unternehmensarchitekt-gesundheitskonzerns\/\">Als IT-Unternehmensarchitekt am Hauptsitz eines globalen Gesundheitskonzerns: Ein Praxisbericht<\/a>&#8220; von\u00a0Rupert N\u00f6bauer<\/li>\n<li style=\"text-align: left;\"><span style=\"color: #ff6600;\">17. Juni<\/span>: <a href=\"https:\/\/campus.aau.at\/va\/ctl\/details\/42723\">Akademische Stunde und Universit\u00e4tsversammlung<\/a><\/li>\n<li style=\"text-align: left;\"><span style=\"color: #ff6600;\">27. Juni<\/span>: TEWI-Kolloquium &#8222;<a title=\"Mobile Devices and the Semantic Web: Context and Connectivity Change Everything (Also, Fast Alles)\" href=\"http:\/\/www.foerderverein-technische-fakultaet.at\/2011\/05\/mobile-devices-and-the-semantic-web-context-and-connectivity-change-everything\/\">Mobile Devices and The Semantic Web: Context and Connectivity change Everything (Also, Fast Alles)<\/a>&#8220; von\u00a0Stephen W. Liddle<\/li>\n<li style=\"text-align: left;\"><span style=\"color: #ff6600;\">1. Juli<\/span>: Vorstandssitzung<\/li>\n<li style=\"text-align: left;\"><span style=\"color: #ff6600;\">25.-27. Juli<\/span>:\u00a0Joint Conference &#8222;Third International Workshop on nonlinear Dynamics\u00a0and Synchronization &#8212; INDS&#8217;11&#8220; und &#8222;Sixteenth International Symposium on Theoretical\u00a0Electrical Engineering &#8212; ISTET&#8217;11&#8220;\u00a0<a href=\"http:\/\/inds11.uni-klu.ac.at\/\">http:\/\/inds11.uni-klu.ac.at\/<\/a><\/li>\n<\/ul>\n<p><strong>[Offene] Stellenausschreibungen<\/strong> befinden sich <a href=\"http:\/\/www.foerderverein-technische-fakultaet.at\/kategorie\/stellenausschreibungen\/\">hier (Rubrik: Stellenausschreibungen)<\/a> und auch im\u00a0<a href=\"https:\/\/blog.tewi.uni-klu.ac.at\/Category\/job\/\">TEWI-Blog (Rubrik: Job)<\/a><\/p>\n<p>Alle Termine finden Sie nat\u00fcrlich auch im\u00a0<a href=\"http:\/\/www.foerderverein-technische-fakultaet.at\/google-kalender\/\">TEWI-Fakult\u00e4tskalender<\/a> der Universit\u00e4t Klagenfurt. Allgemeine News rund um die Universit\u00e4t Klagenfurt finden Sie\u00a0<a href=\"http:\/\/www.uni-klu.ac.at\/main\/inhalt\/uninews.htm\">hier<\/a>.<\/p>\n<p>An- bzw. Abmeldung zum Newsletter via\u00a0<a href=\"http:\/\/www.foerderverein-technische-fakultaet.at\/\">http:\/\/www.foerderverein-technische-fakultaet.at\/<\/a> [<a href=\"http:\/\/feeds.feedburner.com\/foerderverein-technische-fakultaet\">RSS<\/a>,\u00a0<a href=\"http:\/\/feedburner.google.com\/fb\/a\/mailverify?uri=foerderverein-technische-fakultaet&amp;loc=en_US\">Email<\/a>,\u00a0<a href=\"http:\/\/www.twitter.com\/vereinTEWI\">Twitter<\/a>, <a href=\"https:\/\/www.facebook.com\/vereinTEWI\">Facebook<\/a>,\u00a0<a href=\"https:\/\/www.xing.com\/net\/alumni-tewi-uni-klagenfurt\/\">Xing<\/a>,\u00a0<a href=\"http:\/\/www.linkedin.com\/groups?home=&amp;gid=1027547\">LinkedIn<\/a>].<\/p>\n<\/div>\n<\/div>\n","protected":false},"excerpt":{"rendered":"<p>Mit dem\u00a0FTF-Newsletter wollen wir sowohl einen R\u00fcckblick als auch Ausblick auf die T\u00e4tigkeiten des\u00a0F\u00f6rdervereins Technische Fakult\u00e4t geben: R\u00fcckblick: 4. Mai:\u00a0TEWI-Kolloquium &#8222;Betriebssystem-Abstraktionen f\u00fcr Sicherheitspolitiken&#8220; von\u00a0Winfried K\u00fchnhauser 4. Mai:\u00a0TEWI-Kolloquium\/Ringvorlesung Informatik &#8222;Schl\u00fcsselaspekte des Keymanagements&#8220; von Peter Schartner 5. Mai:\u00a0TEWI-Kolloquium &#8222;25 Jahre Digital Subscriber &hellip; <a href=\"https:\/\/www.ftf.or.at\/?p=1913\">Continue reading <span class=\"meta-nav\">&rarr;<\/span><\/a><\/p>\n","protected":false},"author":3,"featured_media":0,"comment_status":"open","ping_status":"open","sticky":false,"template":"","format":"standard","meta":{"sfsi_plus_gutenberg_text_before_share":"","sfsi_plus_gutenberg_show_text_before_share":"","sfsi_plus_gutenberg_icon_type":"","sfsi_plus_gutenberg_icon_alignemt":"","sfsi_plus_gutenburg_max_per_row":"","footnotes":""},"categories":[12],"tags":[44],"class_list":["post-1913","post","type-post","status-publish","format-standard","hentry","category-news","tag-newsletter"],"_links":{"self":[{"href":"https:\/\/www.ftf.or.at\/index.php?rest_route=\/wp\/v2\/posts\/1913","targetHints":{"allow":["GET"]}}],"collection":[{"href":"https:\/\/www.ftf.or.at\/index.php?rest_route=\/wp\/v2\/posts"}],"about":[{"href":"https:\/\/www.ftf.or.at\/index.php?rest_route=\/wp\/v2\/types\/post"}],"author":[{"embeddable":true,"href":"https:\/\/www.ftf.or.at\/index.php?rest_route=\/wp\/v2\/users\/3"}],"replies":[{"embeddable":true,"href":"https:\/\/www.ftf.or.at\/index.php?rest_route=%2Fwp%2Fv2%2Fcomments&post=1913"}],"version-history":[{"count":9,"href":"https:\/\/www.ftf.or.at\/index.php?rest_route=\/wp\/v2\/posts\/1913\/revisions"}],"predecessor-version":[{"id":1990,"href":"https:\/\/www.ftf.or.at\/index.php?rest_route=\/wp\/v2\/posts\/1913\/revisions\/1990"}],"wp:attachment":[{"href":"https:\/\/www.ftf.or.at\/index.php?rest_route=%2Fwp%2Fv2%2Fmedia&parent=1913"}],"wp:term":[{"taxonomy":"category","embeddable":true,"href":"https:\/\/www.ftf.or.at\/index.php?rest_route=%2Fwp%2Fv2%2Fcategories&post=1913"},{"taxonomy":"post_tag","embeddable":true,"href":"https:\/\/www.ftf.or.at\/index.php?rest_route=%2Fwp%2Fv2%2Ftags&post=1913"}],"curies":[{"name":"wp","href":"https:\/\/api.w.org\/{rel}","templated":true}]}}