{"id":9098,"date":"2024-09-26T11:50:02","date_gmt":"2024-09-26T09:50:02","guid":{"rendered":"https:\/\/www.ftf.or.at\/?p=9098"},"modified":"2024-11-12T13:36:22","modified_gmt":"2024-11-12T11:36:22","slug":"die-klimakrise-ist-da-wo-fuehrt-sie-hin","status":"publish","type":"post","link":"https:\/\/www.ftf.or.at\/?p=9098","title":{"rendered":"&#8222;Die Klimakrise ist da! Wo f\u00fchrt sie hin?&#8220;"},"content":{"rendered":"<h2>TeWi-Kolloquium &#8211; in Kooperation mit der Ringvorlesung &#8218;Nachhaltigkeit und Klimakrise: Lectures for Future&#8216; (LV-Nr. 210.306)<\/h2>\n<p><strong>Friday, October 04, 2024 | 12:00 am (CET) | Room: HS 3 | Alpen-Adria <\/strong><strong>Universit\u00e4t Klagenfurt<\/strong><\/p>\n<p><strong><a href=\"https:\/\/www.ftf.or.at\/wp-content\/uploads\/2024\/09\/Foto-Kaser.jpg\"><img loading=\"lazy\" decoding=\"async\" class=\" wp-image-9099 alignleft\" src=\"https:\/\/www.ftf.or.at\/wp-content\/uploads\/2024\/09\/Foto-Kaser-200x300.jpg\" alt=\"\" width=\"163\" height=\"245\" srcset=\"https:\/\/www.ftf.or.at\/wp-content\/uploads\/2024\/09\/Foto-Kaser-200x300.jpg 200w, https:\/\/www.ftf.or.at\/wp-content\/uploads\/2024\/09\/Foto-Kaser-683x1024.jpg 683w, https:\/\/www.ftf.or.at\/wp-content\/uploads\/2024\/09\/Foto-Kaser-768x1152.jpg 768w, https:\/\/www.ftf.or.at\/wp-content\/uploads\/2024\/09\/Foto-Kaser-1024x1536.jpg 1024w, https:\/\/www.ftf.or.at\/wp-content\/uploads\/2024\/09\/Foto-Kaser.jpg 1260w\" sizes=\"auto, (max-width: 163px) 100vw, 163px\" \/><\/a><\/strong><strong>Univ.-Prof.i.R. Dr. Georg Kaser <\/strong><\/p>\n<p><!--StartFragment --><\/p>\n<p><!--EndFragment --><strong>Professor for Climate and Cryospheric Research (retired)<\/strong><\/p>\n<p>ACINN Institute of Atmospheric and Cryospheric SciencesUniversity of Innsbruck<\/p>\n<p><strong>Vice President<\/strong> for Natural and Technical Sciences Austrian Science Fund FWF<\/p>\n<p><strong>Abstract: <\/strong>Der j\u00fcngste Bericht des Weltklimarates IPCC ist klar: der menschgemachte Klimawandel ist in vollem Gang. Schleichende Ver\u00e4nderungen sowie die H\u00e4ufung und das Ausma\u00df von Extremereignissen nehmen signifikant zu. Bereits die seit \u201eParis\u201c angestrebten Klimaziele werden mit gro\u00dfen Sch\u00e4den einhergehen und sehr teuer werden. Und es schaut nicht danach aus, dass man sie \u00fcberhaupt erreichen will: die urs\u00e4chliche Emission von Treibhausgasen ist global und hierzulande, trotz einiger R\u00fcckg\u00e4nge, anhaltend sehr hoch. Erste Hinweise auf das Ausl\u00f6sen irreversibler Ver\u00e4nderungen und beschleunigender R\u00fcckkoppelungen im Klimasystem machen sich in der Zwischenzeit bereits alarmierend bemerkbar. Gleichzeitig werden die zeitlichen Handlungsfenster zur Anwendung durchaus bekannter Handlungsoptionen immer kleiner. Gesellschaftliche Ver\u00e4nderungen m\u00fcssen sehr schnell, tiefgreifend und konsequent umgesetzt werden.<\/p>\n<p><strong>Bio:<\/strong> Georg Kaser ist Univ. Professor f\u00fcr Klima und Kryosph\u00e4renforschung i.R. und arbeitete seit 2003 zweimal als Leitautor und dann als Review Editor an insgesamt drei Berichtszyklen des Weltklimarates (Intergovernmental Panel on Climate Change &#8211; IPCC) mit. Seit 2017 ist Prof. Kaser Mitglied der \u00d6sterreichischen Akademie der Wissenschaften und seit 2021Vizepr\u00e4sident des Fonds zur F\u00f6rderung der wissenschaftlichen Forschung (FWF).<\/p>\n<p><iframe loading=\"lazy\" title=\"Tewi Kolloquium: &quot;Die Klimakrise ist da! Wo f\u00fchrt sie hin?&quot;\" width=\"640\" height=\"360\" src=\"https:\/\/www.youtube.com\/embed\/Z1rm5dtGp50?feature=oembed\" frameborder=\"0\" allow=\"accelerometer; autoplay; clipboard-write; encrypted-media; gyroscope; picture-in-picture; web-share\" referrerpolicy=\"strict-origin-when-cross-origin\" allowfullscreen><\/iframe><\/p>\n<p>&nbsp;<\/p>\n<p><strong>Slides of the Kolloquium:<\/strong><\/p>\n<p><a href=\"https:\/\/de.slideshare.net\/slideshow\/die-klimakrise-ist-da-wo-fuhrt-sie-hin\/273232331\">https:\/\/de.slideshare.net\/slideshow\/die-klimakrise-ist-da-wo-fuhrt-sie-hin\/273232331<\/a><\/p>\n<p>&nbsp;<\/p>\n","protected":false},"excerpt":{"rendered":"<p>TeWi-Kolloquium &#8211; in Kooperation mit der Ringvorlesung &#8218;Nachhaltigkeit und Klimakrise: Lectures for Future&#8216; (LV-Nr. 210.306) Friday, October 04, 2024 | 12:00 am (CET) | Room: HS 3 | Alpen-Adria Universit\u00e4t Klagenfurt Univ.-Prof.i.R. Dr. Georg Kaser Professor for Climate and Cryospheric &hellip; <a href=\"https:\/\/www.ftf.or.at\/?p=9098\">Continue reading <span class=\"meta-nav\">&rarr;<\/span><\/a><\/p>\n","protected":false},"author":32,"featured_media":0,"comment_status":"closed","ping_status":"closed","sticky":false,"template":"","format":"standard","meta":{"sfsi_plus_gutenberg_text_before_share":"","sfsi_plus_gutenberg_show_text_before_share":"","sfsi_plus_gutenberg_icon_type":"","sfsi_plus_gutenberg_icon_alignemt":"","sfsi_plus_gutenburg_max_per_row":"","footnotes":""},"categories":[1],"tags":[],"class_list":["post-9098","post","type-post","status-publish","format-standard","hentry","category-tewi-kolloquium"],"_links":{"self":[{"href":"https:\/\/www.ftf.or.at\/index.php?rest_route=\/wp\/v2\/posts\/9098","targetHints":{"allow":["GET"]}}],"collection":[{"href":"https:\/\/www.ftf.or.at\/index.php?rest_route=\/wp\/v2\/posts"}],"about":[{"href":"https:\/\/www.ftf.or.at\/index.php?rest_route=\/wp\/v2\/types\/post"}],"author":[{"embeddable":true,"href":"https:\/\/www.ftf.or.at\/index.php?rest_route=\/wp\/v2\/users\/32"}],"replies":[{"embeddable":true,"href":"https:\/\/www.ftf.or.at\/index.php?rest_route=%2Fwp%2Fv2%2Fcomments&post=9098"}],"version-history":[{"count":6,"href":"https:\/\/www.ftf.or.at\/index.php?rest_route=\/wp\/v2\/posts\/9098\/revisions"}],"predecessor-version":[{"id":9123,"href":"https:\/\/www.ftf.or.at\/index.php?rest_route=\/wp\/v2\/posts\/9098\/revisions\/9123"}],"wp:attachment":[{"href":"https:\/\/www.ftf.or.at\/index.php?rest_route=%2Fwp%2Fv2%2Fmedia&parent=9098"}],"wp:term":[{"taxonomy":"category","embeddable":true,"href":"https:\/\/www.ftf.or.at\/index.php?rest_route=%2Fwp%2Fv2%2Fcategories&post=9098"},{"taxonomy":"post_tag","embeddable":true,"href":"https:\/\/www.ftf.or.at\/index.php?rest_route=%2Fwp%2Fv2%2Ftags&post=9098"}],"curies":[{"name":"wp","href":"https:\/\/api.w.org\/{rel}","templated":true}]}}